[{"@context":"https:\/\/schema.org\/","@type":"Article","@id":"https:\/\/www.jolli.cz\/teple-obleceni-na-zimu-pro-sportovani-i-volny-cas\/#Article","mainEntityOfPage":"https:\/\/www.jolli.cz\/teple-obleceni-na-zimu-pro-sportovani-i-volny-cas\/","headline":"Tepl\u00e9 oble\u010den\u00ed na zimu, pro sportov\u00e1n\u00ed i voln\u00fd \u010das","name":"Tepl\u00e9 oble\u010den\u00ed na zimu, pro sportov\u00e1n\u00ed i voln\u00fd \u010das","description":"Tepl\u00e9 oble\u010den\u00ed pot\u0159ebuj\u00ed nejenom d\u011bti p\u0159i sv\u00fdch v\u00fdkonech na ly\u017e\u00edch a ve volno\u010dasov\u00fdch aktivit\u00e1ch, kdy se bobuj\u00ed na svahu, ale samoz\u0159ejm\u011b tak\u00e9 p\u0159edev\u0161\u00edm dosp\u011bl\u00ed, abychom t\u011bm na\u0161im ratolestem st\u00edhali a nez\u016fst\u00e1vali pozadu. Dostate\u010dn\u00e9 vrstvy oble\u010den\u00ed tak pot\u0159ebujeme nejenom v klasick\u00e9 zim\u011b, ale t\u0159eba tak\u00e9 na podzim. Na sportov\u00e1n\u00ed i pro","datePublished":"2021-12-26","dateModified":"2023-04-29","author":{"@type":"Person","@id":"https:\/\/www.jolli.cz\/author\/#Person","name":"","url":"https:\/\/www.jolli.cz\/author\/","identifier":1,"image":{"@type":"ImageObject","@id":"https:\/\/secure.gravatar.com\/avatar\/e1629206dbcdd39ad2b75cad97ca59670e29a5a134f2605d5414f1deeec462dc?s=96&d=mm&r=g","url":"https:\/\/secure.gravatar.com\/avatar\/e1629206dbcdd39ad2b75cad97ca59670e29a5a134f2605d5414f1deeec462dc?s=96&d=mm&r=g","height":96,"width":96}},"publisher":{"@type":"Organization","name":"jolli.cz","logo":{"@type":"ImageObject","@id":"\/logo.png","url":"\/logo.png","width":600,"height":60}},"image":{"@type":"ImageObject","@id":"https:\/\/www.jolli.cz\/wp-content\/uploads\/svah,%20lanovka.jpg","url":"https:\/\/www.jolli.cz\/wp-content\/uploads\/svah,%20lanovka.jpg","height":0,"width":0},"url":"https:\/\/www.jolli.cz\/teple-obleceni-na-zimu-pro-sportovani-i-volny-cas\/","about":["Produkty"],"wordCount":453,"articleBody":"   Tepl\u00e9 oble\u010den\u00ed pot\u0159ebuj\u00ed nejenom d\u011bti p\u0159i sv\u00fdch v\u00fdkonech na ly\u017e\u00edch a ve volno\u010dasov\u00fdch aktivit\u00e1ch, kdy se bobuj\u00ed na svahu, ale samoz\u0159ejm\u011b tak\u00e9 p\u0159edev\u0161\u00edm dosp\u011bl\u00ed, abychom t\u011bm na\u0161im ratolestem st\u00edhali a nez\u016fst\u00e1vali pozadu.Dostate\u010dn\u00e9 vrstvy oble\u010den\u00ed tak pot\u0159ebujeme nejenom v klasick\u00e9 zim\u011b, ale t\u0159eba tak\u00e9 na podzim. Na sportov\u00e1n\u00ed i pro volno\u010dasov\u00e9 aktivity se ur\u010dit\u011b hod\u00ed zejm\u00e9na mikiny. Co n\u00e1m p\u0159in\u00e1\u0161\u00ed?Dostate\u010dn\u00e9 teplo i vysok\u00fd komfort pohodl\u00ed v\u00e1m zajist\u00ed pr\u00e1v\u011b nap\u0159\u00edklad kari traa mikina.Do t\u00e9to kategorie m\u016f\u017eeme za\u0159adit nejenom klasick\u00e9 mikiny, ale tak\u00e9 svetry. D\u00e1v\u00e1te p\u0159ednost m\u011bkou\u010dk\u00e9 vln\u011b, kter\u00e1 v\u00e1s p\u0159\u00edjemn\u011b obejme a kr\u00e1sn\u011b zah\u0159eje? V tom p\u0159\u00edpad\u011b bude svetr jist\u011b ide\u00e1ln\u00ed volbou.V p\u0159\u00edpad\u011b mikin m\u016f\u017eeme mluvit o mal\u00e9m z\u00e1zraku. Ty se hod\u00ed jak na b\u011b\u017en\u00e9, tedy klasick\u00e9 no\u0161en\u00ed, nap\u0159\u00edklad do pr\u00e1ce, na z\u00e1bavu, na n\u00e1kupy a n\u00e1v\u0161t\u011bvy, ale tak\u00e9 jejich speci\u00e1ln\u00ed vlastnosti vyu\u017eijete na svahu v zim\u011b, kdy v\u00e1s perfektn\u011b zah\u0159ej\u00ed, ale z\u00e1rove\u0148 budou odv\u00e1d\u011bt p\u0159ebyte\u010dnou vlhkost.Rozhodn\u011b se hod\u00ed m\u00edt n\u011bkolik kousk\u016f v \u0161atn\u00edku u\u017e jenom proto, \u017ee jsou modern\u00ed a in. Maj\u00ed p\u016fvabn\u00fd design, nad\u010dasov\u00fd, modern\u00ed, elegantn\u00ed a stylov\u00fd, ale z\u00e1rove\u0148 si st\u00e1le zachov\u00e1vaj\u00ed ve\u0161ker\u00e1 pozitiva. Tedy sv\u00e9 mimo\u0159\u00e1dn\u00e9 vlastnosti jako je odv\u00e1d\u011bn\u00ed p\u0159ebyte\u010dn\u00e9ho tepla od t\u011bla, nezadr\u017euj\u00ed vlhkost, tak\u017ee se tolik nepot\u00edme a nejsme pod mikinou cel\u00ed prom\u00e1\u010den\u00ed.P\u0159\u00edjemn\u00fd st\u0159ih se nav\u00edc bude na na\u0161em t\u011ble skv\u011ble vyj\u00edmat. U\u017e\u00edvejte si pohodu kdykoliv, a\u0165 jste na chalup\u011b uprost\u0159ed zimy a d\u00edv\u00e1te se na ohe\u0148 pl\u00e1polaj\u00edc\u00ed v zap\u00e1len\u00e9m krbu nebo jste u rodi\u010d\u016f na n\u00e1v\u0161t\u011bv\u011b. Tento m\u011bstsk\u00fd styl, z\u00e1rove\u0148 vyroben\u00fd pro maxim\u00e1ln\u00ed pohodl\u00ed a pohodu prost\u011b vyu\u017eijete kdekoliv.Zap\u00edn\u00e1n\u00ed a\u017e ke krku ocen\u00edte p\u0159edev\u0161\u00edm v p\u0159\u00edpad\u011b sportov\u00e1n\u00ed. To sam\u00e9 m\u016f\u017eeme \u0159\u00edct o mnoh\u00fdch kaps\u00e1ch a bo\u010dn\u00edch zipech pro snadn\u00e9 svl\u00e9k\u00e1n\u00ed a obl\u00e9k\u00e1n\u00ed. V\u00fdvoj\u00e1\u0159i t\u011bchto model\u016f zkr\u00e1tka a dob\u0159e mysleli na v\u0161e a my u\u017e si to m\u016f\u017eeme v kone\u010dn\u00e9 f\u00e1zi jenom u\u017e\u00edvat. Mimochodem mikina zakryje i p\u0159\u00edpadn\u00e9 nedostatky. Jej\u00ed uvoln\u011bn\u00fd st\u0159ih prost\u011b padne skv\u011ble ka\u017ed\u00e9 postav\u011b.                                                                                                                                                                                                                                                                                                                                                                                          3.8\/5 - (5 votes)        "},{"@context":"https:\/\/schema.org\/","@type":"BreadcrumbList","itemListElement":[{"@type":"ListItem","position":1,"name":"Tepl\u00e9 oble\u010den\u00ed na zimu, pro sportov\u00e1n\u00ed i voln\u00fd \u010das","item":"https:\/\/www.jolli.cz\/teple-obleceni-na-zimu-pro-sportovani-i-volny-cas\/#breadcrumbitem"}]}]