[{"@context":"https:\/\/schema.org\/","@type":"Article","@id":"https:\/\/www.jolli.cz\/povleceni-na-postel\/#Article","mainEntityOfPage":"https:\/\/www.jolli.cz\/povleceni-na-postel\/","headline":"Povle\u010den\u00ed na postel","name":"Povle\u010den\u00ed na postel","description":"Povle\u010den\u00ed Kvalitn\u00ed lo\u017en\u00ed povle\u010den\u00ed je z\u00e1kladem dobr\u00e9ho sp\u00e1nku. Ka\u017ed\u00e9mu vyhovuje jin\u00fd druh povle\u010den\u00ed a tak\u00e9 jin\u00e9ho materi\u00e1lu. Na\u0161t\u011bst\u00ed lo\u017en\u00edho povle\u010den\u00ed je velk\u00fd v\u00fdb\u011br a tak si ka\u017ed\u00fd zajist\u00e9 vybere to ve kter\u00e9m se mu bude nejl\u00e9pe sp\u00e1t a odpo\u010d\u00edvat p\u0159ed n\u00e1ro\u010dn\u00fdm dnem. Povle\u010den\u00ed Lo\u017en\u00ed povle\u010den\u00ed m\u00e1 v\u011bt\u0161inou klasick\u00e9 rozm\u011bry, tak\u017ee","datePublished":"2025-03-04","dateModified":"2025-03-04","author":{"@type":"Person","@id":"https:\/\/www.jolli.cz\/author\/#Person","name":"","url":"https:\/\/www.jolli.cz\/author\/","identifier":1,"image":{"@type":"ImageObject","@id":"https:\/\/secure.gravatar.com\/avatar\/e1629206dbcdd39ad2b75cad97ca59670e29a5a134f2605d5414f1deeec462dc?s=96&d=mm&r=g","url":"https:\/\/secure.gravatar.com\/avatar\/e1629206dbcdd39ad2b75cad97ca59670e29a5a134f2605d5414f1deeec462dc?s=96&d=mm&r=g","height":96,"width":96}},"publisher":{"@type":"Organization","name":"jolli.cz","logo":{"@type":"ImageObject","@id":"\/logo.png","url":"\/logo.png","width":600,"height":60}},"url":"https:\/\/www.jolli.cz\/povleceni-na-postel\/","wordCount":205,"articleBody":"Povle\u010den\u00edKvalitn\u00ed lo\u017en\u00ed povle\u010den\u00ed je z\u00e1kladem dobr\u00e9ho sp\u00e1nku. Ka\u017ed\u00e9mu vyhovuje jin\u00fd druh povle\u010den\u00ed a tak\u00e9 jin\u00e9ho materi\u00e1lu. Na\u0161t\u011bst\u00ed lo\u017en\u00edho povle\u010den\u00ed je velk\u00fd v\u00fdb\u011br a tak si ka\u017ed\u00fd zajist\u00e9 vybere to ve kter\u00e9m se mu bude nejl\u00e9pe sp\u00e1t a odpo\u010d\u00edvat p\u0159ed n\u00e1ro\u010dn\u00fdm dnem.Povle\u010den\u00edLo\u017en\u00ed povle\u010den\u00ed m\u00e1 v\u011bt\u0161inou klasick\u00e9 rozm\u011bry, tak\u017ee se nemus\u00edte ob\u00e1vat nakupovat p\u0159es internetov\u00fd obchod. V takov\u00e9m obchod\u011b maj\u00edna v\u00fdb\u011br velk\u00e9 mno\u017estv\u00ed lo\u017en\u00edho povle\u010den\u00ed a v\u0161e dob\u0159e vyobrazeno a pops\u00e1no. Lo\u017en\u00ed povle\u010den\u00ed v\u00e1m po v\u00fdb\u011bru bude zasl\u00e1no t\u0159eba po\u0161tou.Pro d\u011btiLo\u017en\u00ed povle\u010den\u00ed pro d\u011bti je radost nakupovat. Ur\u010dit\u011b d\u011bti pot\u011b\u0161\u00ed, \u017ee na lo\u017en\u00edm povle\u010den\u00ed najdou sv\u00e9 obl\u00edben\u00e9 postavy t\u0159eba z ve\u010dern\u00ed\u010dk\u016f, nebo obl\u00edben\u00e9ho kreslen\u00e9ho seri\u00e1lu. Lo\u017en\u00ed povle\u010den\u00ed pro d\u011bti by m\u011bl b\u00fdt v\u017edy vesel\u00e9, aby se na\u0161\u00edm ratolestem hezky spalo.                                                                                                                                                                                                                                                                                                                                                                                        3\/5 - (2 votes)        "},{"@context":"https:\/\/schema.org\/","@type":"BreadcrumbList","itemListElement":[{"@type":"ListItem","position":1,"name":"Povle\u010den\u00ed na postel","item":"https:\/\/www.jolli.cz\/povleceni-na-postel\/#breadcrumbitem"}]}]