[{"@context":"https:\/\/schema.org\/","@type":"Article","@id":"https:\/\/www.jolli.cz\/dekorativni-vyzdoba\/#Article","mainEntityOfPage":"https:\/\/www.jolli.cz\/dekorativni-vyzdoba\/","headline":"Dekorativn\u00ed v\u00fdzdoba","name":"Dekorativn\u00ed v\u00fdzdoba","description":"Dnes si u\u017e m\u016f\u017eeme trochu p\u0159ibl\u00ed\u017eit V\u00e1no\u010dn\u00ed atmosf\u00e9ru a to d\u00edky pan\u00ed majitelky Jany H\u00e1teov\u00e9. Ano, u\u017e se to bl\u00ed\u017e\u00ed. Tak\u00e9 se t\u011b\u0161\u00edte? J\u00e1 tedy ano. A co je o V\u00e1noc\u00edch pot\u0159eba? No p\u0159eci v\u00e1no\u010dn\u00ed v\u00fdzdoba a co takhle v\u00fdzdoba na V\u00e1noce je? Hv\u011bzdy, and\u00edlky, ba\u0148ky a v\u0161echno co v\u00e1s","datePublished":"2021-08-04","dateModified":"2023-04-29","author":{"@type":"Person","@id":"https:\/\/www.jolli.cz\/author\/#Person","name":"","url":"https:\/\/www.jolli.cz\/author\/","identifier":1,"image":{"@type":"ImageObject","@id":"https:\/\/secure.gravatar.com\/avatar\/e1629206dbcdd39ad2b75cad97ca59670e29a5a134f2605d5414f1deeec462dc?s=96&d=mm&r=g","url":"https:\/\/secure.gravatar.com\/avatar\/e1629206dbcdd39ad2b75cad97ca59670e29a5a134f2605d5414f1deeec462dc?s=96&d=mm&r=g","height":96,"width":96}},"publisher":{"@type":"Organization","name":"jolli.cz","logo":{"@type":"ImageObject","@id":"\/logo.png","url":"\/logo.png","width":600,"height":60}},"image":{"@type":"ImageObject","@id":"https:\/\/www.jolli.cz\/wp-content\/uploads\/christmas-gba05d7b57_1920.jpg","url":"https:\/\/www.jolli.cz\/wp-content\/uploads\/christmas-gba05d7b57_1920.jpg","height":0,"width":0},"url":"https:\/\/www.jolli.cz\/dekorativni-vyzdoba\/","about":["Business"],"wordCount":539,"articleBody":"        Dnes si u\u017e m\u016f\u017eeme trochu p\u0159ibl\u00ed\u017eit V\u00e1no\u010dn\u00ed atmosf\u00e9ru a to d\u00edky pan\u00ed majitelky Jany H\u00e1teov\u00e9. Ano, u\u017e se to bl\u00ed\u017e\u00ed. Tak\u00e9 se t\u011b\u0161\u00edte? J\u00e1 tedy ano. A co je o V\u00e1noc\u00edch pot\u0159eba? No p\u0159eci v\u00e1no\u010dn\u00ed v\u00fdzdoba a co takhle v\u00fdzdoba na V\u00e1noce je? Hv\u011bzdy, and\u00edlky, ba\u0148ky a v\u0161echno co v\u00e1s napadne. Proto\u017ee ka\u017ed\u00fd z n\u00e1s m\u00e1 r\u00e1d n\u011bco jin\u00e9ho. Tento \u010dl\u00e1nek m\u00e1 byt o v\u00fdzdob\u011b neboli dekorace. Dnes v\u00e1m mohu poodkr\u00fdt jednu u\u017easnou str\u00e1nku s dekorativn\u00edmi ozdoby. Ozdoby ve tvaru and\u00edlk\u016f a v\u00e1no\u010dn\u00edch hv\u011bzdi\u010dek. Kr\u00e1sn\u00e9, ale hlavn\u011b barevn\u00e9, tak jak vypadaj\u00ed skute\u010dn\u00e9 V\u00e1noce. Mysl\u00edte si, \u017ee by tento mal\u00fd kr\u00e1sn\u00fd precizn\u00ed d\u00e1rek ud\u011blal va\u0161\u00edm bl\u00edzk\u00fdm radost? Podle m\u011b ano, a\u017e dop\u00ed\u0161u tento \u010dl\u00e1nek ur\u010dit\u011b se pod\u00edv\u00e1m detailn\u011b na takovou pr\u00e1ci. L\u00edb\u00ed se mi, \u017ee m\u00e1me na \u010desk\u00e9m trhu st\u00e1le ru\u010dn\u00ed v\u00fdrobu. A co se mi na tom l\u00edb\u00ed? Proto\u017ee je to z l\u00e1sky a nen\u00ed to d\u011blan\u00e9 na stroj\u00edch. Toto by se m\u011blo roz\u0161i\u0159ovat d\u00e1l a d\u00e1l. A ru\u010dn\u00ed pr\u00e1ce by se m\u011bla cenit a nezapom\u00ednat. Ceny t\u011bchto kr\u00e1sn\u00fdch ozdob my p\u0159ijdou p\u0159ijateln\u00e9 na to\u017e, \u017ee jsou d\u011blan\u00e9 ru\u010dn\u011b. Popravd\u011b si mysl\u00edm, \u017ee by si majitelka neboli tv\u016frkyn\u011b t\u011bchto v\u00fdrobku mohla \u0159\u00edct i v\u00edce. Ale zase na druhou stranu je moc hezk\u00e9, \u017ee takov\u00e9 v\u00fdrobky z l\u00e1sky jsou i za takovou cenu. Hlavn\u011b pro ty, co na to t\u0159eba nejsou finan\u010dn\u011b dob\u0159e a sna\u017e\u00ed se ud\u011blat co nejv\u011bt\u0161\u00ed radost pro bl\u00edzk\u00e9. Mus\u00edm \u0159\u00edct, \u017ee m\u011b posledn\u00ed dobou bav\u00ed komunikovat s p\u0159\u00e1teli a zaj\u00edmat se jak\u00fd maj\u00ed n\u00e1zor na t\u00e9mata m\u00fdch p\u0159i\u0159azen\u00fdch \u010dl\u00e1nku. A mus\u00edm se p\u0159iznat, pro\u010d jsem si zrovna vybrala toto t\u00e9ma, proto\u017ee se mi l\u00edb\u00ed, \u017ee ru\u010dn\u00ed pr\u00e1ce je a st\u00e1le je. J\u00e1 bych na to popravd\u011b asi nem\u011bla trp\u011blivost. Asi p\u0159ed 3 m\u011bs\u00edci jsem si koupila kor\u00e1lky na n\u00e1ramky a le\u017e\u00ed mi to ve sk\u0159\u00edni, a to je ten d\u016fvod, pro\u010d je super, \u017ee jsou lid\u00e9, co tu ru\u010dn\u00ed pr\u00e1ci praktikuj\u00ed. M\u016f\u017eete si p\u0159e\u010d\u00edst kr\u00e1tk\u00fd rozhovor s moj\u00ed dlouholetou kamar\u00e1dkou Lenkou. Leni, m\u016f\u017ee\u0161 mi prozradit, jestli m\u00e1\u0161 r\u00e1da ru\u010dn\u00ed pr\u00e1ce a co se ti na tom l\u00edb\u00ed? Ano, m\u00e1m. L\u00edb\u00ed se mi na tom, \u017ee si to nemus\u00edm vyr\u00e1b\u011bt a mohu si to koupit. Darovala by si n\u011bkomu ozdoby, co m\u00e1 majitelka na sv\u00e9 str\u00e1nce? L\u00edb\u00ed a mysl\u00edm, \u017ee bych moc r\u00e1da podarovala v bl\u00edzk\u00e9m kruhu sv\u00e9 rodiny. Hlavn\u011b babi\u010dce ta tyhle ozdoby zbo\u017e\u0148uje.                                                                                                                                                                                                                                                                                                                                                                                           4\/5 - (11 votes)        "},{"@context":"https:\/\/schema.org\/","@type":"BreadcrumbList","itemListElement":[{"@type":"ListItem","position":1,"name":"Dekorativn\u00ed v\u00fdzdoba","item":"https:\/\/www.jolli.cz\/dekorativni-vyzdoba\/#breadcrumbitem"}]}]